{"id":2495,"date":"2026-03-29T14:00:09","date_gmt":"2026-03-29T12:00:09","guid":{"rendered":"https:\/\/alexandershevchuk.eu\/?p=2495"},"modified":"2026-03-29T15:47:51","modified_gmt":"2026-03-29T13:47:51","slug":"vernissage-le-2-avril","status":"publish","type":"post","link":"https:\/\/alexandershevchuk.eu\/en\/vernissage-le-2-avril\/","title":{"rendered":"Vernissage le 2 avril"},"content":{"rendered":"<p class=\"has-large-font-size\">Pr\u00eats pour une nouvelle aventure visuelle ?<\/p>\n\n\n\n<p>\u00c0 l\u2019occasion de l\u2019arriv\u00e9e du printemps, la Galerie Wilson d\u00e9voile sa nouvelle exposition. Fid\u00e8le \u00e0 sa vocation de mettre en lumi\u00e8re des artistes aux univers singuliers, la galerie propose une s\u00e9lection d\u2019\u0153uvres contemporaines o\u00f9 se croisent peinture, sculpture, photographie et exp\u00e9rimentations plastiques.<\/p>\n\n\n\n<p>Cette exposition d\u2019avril 2026 s\u2019inscrit dans la continuit\u00e9 des programmations mensuelles de la Galerie Wilson, reconnue pour son engagement aupr\u00e8s des artistes \u00e9mergents comme confirm\u00e9s, et pour la richesse des dialogues visuels qu\u2019elle suscite entre les \u0153uvres.<\/p>\n\n\n\n<p>Chaque artiste invit\u00e9 apporte sa propre lecture du monde, sa sensibilit\u00e9, ses mati\u00e8res, ses couleurs. Le visiteur est invit\u00e9 \u00e0 naviguer entre abstraction et figuration, entre gestes spontan\u00e9s et compositions minutieuses, entre po\u00e9sie visuelle et \u00e9nergie brute. L\u2019exposition se veut immersive, ouverte, accessible \u2014 un espace o\u00f9 chacun peut trouver une r\u00e9sonance personnelle.<\/p>\n\n\n\n<figure class=\"wp-block-image aligncenter size-full is-resized\"><img loading=\"lazy\" decoding=\"async\" width=\"550\" height=\"782\" src=\"https:\/\/alexandershevchuk.eu\/wp-content\/uploads\/2026\/03\/exposition-blois-avril26.jpg\" alt=\"affiche exposition peinture blois avril 26\" class=\"wp-image-2497\" style=\"width:420px\" title=\"\" srcset=\"https:\/\/alexandershevchuk.eu\/wp-content\/uploads\/2026\/03\/exposition-blois-avril26.jpg 550w, https:\/\/alexandershevchuk.eu\/wp-content\/uploads\/2026\/03\/exposition-blois-avril26-211x300.jpg 211w, https:\/\/alexandershevchuk.eu\/wp-content\/uploads\/2026\/03\/exposition-blois-avril26-8x12.jpg 8w, https:\/\/alexandershevchuk.eu\/wp-content\/uploads\/2026\/03\/exposition-blois-avril26-500x711.jpg 500w\" sizes=\"auto, (max-width: 550px) 100vw, 550px\" \/><\/figure>\n\n\n\n<p>Comme toujours, <strong>l\u2019entr\u00e9e est libre et gratuite<\/strong>. La Galerie Wilson, situ\u00e9e au c\u0153ur de Blois, est devenue un lieu incontournable pour d\u00e9couvrir l\u2019art contemporain dans un cadre chaleureux, o\u00f9 l\u2019\u00e9change avec les artistes et l\u2019\u00e9quipe de la galerie fait partie int\u00e9grante de l\u2019exp\u00e9rience.<\/p>\n\n\n\n<p><strong><a href=\"https:\/\/alexandershevchuk.eu\/en\/une-boutique-dart-a-la-galerie-wilson\/\" data-type=\"post\" data-id=\"2430\">La petite boutique artistique<\/a><\/strong> ouverte en 2026 est un v\u00e9ritable plus pour le amateurs souhaitant acqu\u00e9rir les oeuvres qui les font vibrer tout en respectant leur porte monnaie<\/p>\n\n\n\n<div class=\"wp-block-group has-palette-color-5-background-color has-background is-layout-constrained wp-block-group-is-layout-constrained\">\n<h2 class=\"wp-block-heading has-text-align-center has-large-font-size\"><strong>Vernissage \u2013 Jeudi 2 avril 2026 \u00e0 partir de 18h<\/strong><\/h2>\n\n\n\n<p class=\"has-text-align-center\">Le vernissage aura lieu <strong>le jeudi 2 avril 2026<\/strong>, d\u00e8s 18h. <\/p>\n\n\n\n<p>Un moment convivial, propice aux rencontres, o\u00f9 le public pourra \u00e9changer directement avec les artistes pr\u00e9sents, d\u00e9couvrir les \u0153uvres en avant-premi\u00e8re et partager un verre dans une atmosph\u00e8re d\u00e9tendue et inspirante.<\/p>\n<\/div>\n\n\n\n<h2 class=\"wp-block-heading\"><strong>Informations pratiques<\/strong><\/h2>\n\n\n\n<p><strong>Entr\u00e9e libre<\/strong><\/p>\n\n\n\n<p><strong>Dates de l\u2019exposition :<\/strong> du 2 au 26 avril 2026<\/p>\n\n\n\n<p><strong>Vernissage :<\/strong> jeudi 2 avril \u00e0 18h<\/p>\n\n\n\n<p><strong>Lieu :<\/strong> Galerie Wilson \u2013 Blois<\/p>\n\n\n\n<p><strong>Horaires :<\/strong> du jeudi au dimanche, de 14h \u00e0 19h<\/p>","protected":false},"excerpt":{"rendered":"<p>Le 2 avril \u00e0 partir de 18h, venez d\u00e9couvrir les nouvelles oeuvres expos\u00e9es Galerie Wilson, \u00e0 Blois<\/p>","protected":false},"author":1,"featured_media":2496,"comment_status":"open","ping_status":"open","sticky":false,"template":"","format":"standard","meta":{"_vp_format_video_url":"","_vp_image_focal_point":[],"footnotes":""},"categories":[6],"tags":[],"class_list":["post-2495","post","type-post","status-publish","format-standard","has-post-thumbnail","hentry","category-news"],"blocksy_meta":[],"_links":{"self":[{"href":"https:\/\/alexandershevchuk.eu\/en\/wp-json\/wp\/v2\/posts\/2495","targetHints":{"allow":["GET"]}}],"collection":[{"href":"https:\/\/alexandershevchuk.eu\/en\/wp-json\/wp\/v2\/posts"}],"about":[{"href":"https:\/\/alexandershevchuk.eu\/en\/wp-json\/wp\/v2\/types\/post"}],"author":[{"embeddable":true,"href":"https:\/\/alexandershevchuk.eu\/en\/wp-json\/wp\/v2\/users\/1"}],"replies":[{"embeddable":true,"href":"https:\/\/alexandershevchuk.eu\/en\/wp-json\/wp\/v2\/comments?post=2495"}],"version-history":[{"count":2,"href":"https:\/\/alexandershevchuk.eu\/en\/wp-json\/wp\/v2\/posts\/2495\/revisions"}],"predecessor-version":[{"id":2499,"href":"https:\/\/alexandershevchuk.eu\/en\/wp-json\/wp\/v2\/posts\/2495\/revisions\/2499"}],"wp:featuredmedia":[{"embeddable":true,"href":"https:\/\/alexandershevchuk.eu\/en\/wp-json\/wp\/v2\/media\/2496"}],"wp:attachment":[{"href":"https:\/\/alexandershevchuk.eu\/en\/wp-json\/wp\/v2\/media?parent=2495"}],"wp:term":[{"taxonomy":"category","embeddable":true,"href":"https:\/\/alexandershevchuk.eu\/en\/wp-json\/wp\/v2\/categories?post=2495"},{"taxonomy":"post_tag","embeddable":true,"href":"https:\/\/alexandershevchuk.eu\/en\/wp-json\/wp\/v2\/tags?post=2495"}],"curies":[{"name":"wp","href":"https:\/\/api.w.org\/{rel}","templated":true}]}}